[{"@context":"https:\/\/schema.org\/","@type":"Article","@id":"https:\/\/www.jablenka.cz\/jak-zaridit-maly-byt\/#Article","mainEntityOfPage":"https:\/\/www.jablenka.cz\/jak-zaridit-maly-byt\/","headline":"Jak za\u0159\u00eddit mal\u00fd byt?","name":"Jak za\u0159\u00eddit mal\u00fd byt?","description":"Za\u0159\u00edzen\u00ed bytu m\u016f\u017ee b\u00fdt pro n\u011bkoho jednoduch\u00e9, ale v\u011bt\u0161inou se jedn\u00e1 o velmi n\u00e1ro\u010dnou pr\u00e1ci. Sna\u017e\u00edme se naj\u00edt ur\u010dit\u00fd koncept [&hellip;]","datePublished":"2019-11-24","dateModified":"2019-11-24","author":{"@type":"Person","@id":"https:\/\/www.jablenka.cz\/author\/#Person","name":"","url":"https:\/\/www.jablenka.cz\/author\/","identifier":1,"image":{"@type":"ImageObject","@id":"https:\/\/secure.gravatar.com\/avatar\/c065076eb86551fdb70725c8063acf1b60a8edaed14ed654228c4cba13121c83?s=96&d=mm&r=g","url":"https:\/\/secure.gravatar.com\/avatar\/c065076eb86551fdb70725c8063acf1b60a8edaed14ed654228c4cba13121c83?s=96&d=mm&r=g","height":96,"width":96}},"publisher":{"@type":"Organization","name":"jablenka.cz","logo":{"@type":"ImageObject","@id":"\/logo.png","url":"\/logo.png","width":600,"height":60}},"image":{"@type":"ImageObject","@id":"https:\/\/www.jablenka.cz\/wp-content\/uploads\/img_a360904_w3784_t1574504766.jpg","url":"https:\/\/www.jablenka.cz\/wp-content\/uploads\/img_a360904_w3784_t1574504766.jpg","height":0,"width":0},"url":"https:\/\/www.jablenka.cz\/jak-zaridit-maly-byt\/","about":["Byt"],"wordCount":411,"articleBody":"Za\u0159\u00edzen\u00ed bytu m\u016f\u017ee b\u00fdt pro n\u011bkoho jednoduch\u00e9, ale v\u011bt\u0161inou se jedn\u00e1 o velmi n\u00e1ro\u010dnou pr\u00e1ci. Sna\u017e\u00edme se naj\u00edt ur\u010dit\u00fd koncept a styl nov\u00e9ho bydlen\u00ed tak, aby n\u00e1m co nejv\u00edce p\u0159ipom\u00ednal domov, pocit bezpe\u010d\u00ed. Kdyby bylo za\u0159\u00edzen\u00ed bytu jednoduch\u00e9, nemuseli by m\u00edt design\u00e9\u0159i pr\u00e1ci. Pokud se tedy jedn\u00e1 o byt, kter\u00fd disponuje sp\u00ed\u0161e men\u0161\u00edmi rozm\u011bry, je l\u00e9pe, aby byl za\u0159\u00edzen\u00fd v\u00a0jednotn\u00e9m stylu. \u00a0Proto je nutn\u00e9 dob\u0159e promyslet a napl\u00e1novat, jak bude vypadat koncov\u00e1 podoba budouc\u00edho bydlen\u00ed. V\u00a0dne\u0161n\u00ed dob\u011b je k\u00a0dispozici velk\u00e9 mno\u017estv\u00ed n\u00e1bytku na m\u00edru, r\u016fzn\u00e9 \u0159e\u0161en\u00ed, jak co nejv\u00edce u\u0161et\u0159it prostor a tak\u00e9, jak ho opticky zv\u011bt\u0161it.\u00a0\tCo opticky zv\u011bt\u0161\u00ed mal\u00fd byt? 1.\u00a0\u00a0\u00a0\u00a0\u00a0\u00a0 Nepou\u017e\u00edvejte v\u00fdrazn\u00e9 barvy. V\u00fdb\u011br barev p\u0159ich\u00e1z\u00ed na \u0159adu, a\u017e v\u00edme, jak\u00fd styl bude m\u00edt nov\u00fd domov. Barvy typu syt\u011b \u017elut\u00e9, \u010derven\u00e9 a tmav\u00e9 barvy jsou brzy okoukan\u00e9. V\u00a0p\u0159\u00edpad\u011b pou\u017eit\u00ed jemn\u00fdch a sv\u011btl\u00fdch barev, vede celkov\u00fd dojem k\u00a0opticky zv\u011bt\u0161en\u00e9mu prostoru.2.\u00a0\u00a0\u00a0\u00a0\u00a0\u00a0 Nepou\u017e\u00edvejte masivn\u00ed n\u00e1bytek. Ten se hod\u00ed sp\u00ed\u0161e do v\u011bt\u0161\u00edho bytu. K\u00a0dispozi\u010dn\u011b men\u0161\u00edmu bydlen\u00ed je vhodn\u00e9 pou\u017e\u00edt oh\u00fdban\u00e9 d\u0159evo nebo konstruk\u010dn\u011b leh\u010d\u00ed materi\u00e1l. Doporu\u010duj\u00ed se nap\u0159\u00edklad do ob\u00fdvac\u00edho pokoje police ve sv\u011btl\u00fdch barv\u00e1ch, vybaven\u00e9 r\u016fzn\u00fdmi ko\u0161\u00edky nebo truhlicemi. Opticky lze zv\u011bt\u0161it prostor i n\u00e1bytkem na no\u017ek\u00e1ch, kter\u00fd mal\u00fd prostor odleh\u010d\u00ed a t\u00edm p\u00e1dem se zd\u00e1 i v\u011bt\u0161\u00ed.3.\u00a0\u00a0\u00a0\u00a0\u00a0\u00a0 Pou\u017eit\u00ed sv\u011btla. Mal\u00fd byt ve tmav\u00fdch barv\u00e1ch se nedoporu\u010duje. D\u016fle\u017eit\u00e9 je co nejv\u00edce prostor osv\u011btlit. Nepou\u017e\u00edvejte syt\u00e9 z\u00e1clony nebo z\u00e1v\u011bsy, ale lehk\u00e9 tenk\u00e9 z\u00e1clony, kter\u00e9 propou\u0161t\u00ed co nejv\u00edce sv\u011btla.4.\u00a0\u00a0\u00a0\u00a0\u00a0\u00a0 P\u0159i za\u0159izov\u00e1n\u00ed nejsou vhodn\u00e9 v\u00edce barevn\u00e9 kombinace podlah. V\u00a0p\u0159\u00edpad\u011b pou\u017eit\u00ed pouze jedn\u00e9 barvy, prostor se sjednot\u00ed a opticky zv\u011bt\u0161\u00ed.\u00a0Pokud se rozmysl\u00edme k\u00a0bydlen\u00ed v\u00a0men\u0161\u00edm byt\u011b je velkou prioritou udr\u017eovat po\u0159\u00e1dek. V\u00a0p\u0159\u00edpad\u011b pohozen\u00ed jedn\u00e9 nebo dv\u011b v\u011bci ve velk\u00e9m byt\u011b, tak se to ztrat\u00ed. Ale v\u00a0p\u0159\u00edpad\u011b men\u0161\u00edho bydlen\u00ed, vznik\u00e1 hned nepo\u0159\u00e1dek.                                                                                                                                                                                                                                                                                                                                                                                        2.5\/5 - (2 votes)        "},{"@context":"https:\/\/schema.org\/","@type":"BreadcrumbList","itemListElement":[{"@type":"ListItem","position":1,"name":"Jak za\u0159\u00eddit mal\u00fd byt?","item":"https:\/\/www.jablenka.cz\/jak-zaridit-maly-byt\/#breadcrumbitem"}]}]