[{"@context":"https:\/\/schema.org\/","@type":"Article","@id":"https:\/\/www.jablenka.cz\/jsou-nase-zvyky-o-velikonocich-dokonale\/#Article","mainEntityOfPage":"https:\/\/www.jablenka.cz\/jsou-nase-zvyky-o-velikonocich-dokonale\/","headline":"Jsou na\u0161e zvyky o Velikonoc\u00edch dokonal\u00e9?","name":"Jsou na\u0161e zvyky o Velikonoc\u00edch dokonal\u00e9?","description":"Prakticky ka\u017ed\u00e1 zem\u011b si cen\u00ed sv\u00fdch unik\u00e1tn\u00edch zvyk\u016f a je na n\u011b py\u0161n\u00e1. \u010cesk\u00e1 republika zde nen\u00ed v\u00fdjimkou. A navzdory [&hellip;]","datePublished":"2023-09-05","dateModified":"2023-09-05","author":{"@type":"Person","@id":"https:\/\/www.jablenka.cz\/author\/#Person","name":"","url":"https:\/\/www.jablenka.cz\/author\/","identifier":1,"image":{"@type":"ImageObject","@id":"https:\/\/secure.gravatar.com\/avatar\/c065076eb86551fdb70725c8063acf1b60a8edaed14ed654228c4cba13121c83?s=96&d=mm&r=g","url":"https:\/\/secure.gravatar.com\/avatar\/c065076eb86551fdb70725c8063acf1b60a8edaed14ed654228c4cba13121c83?s=96&d=mm&r=g","height":96,"width":96}},"publisher":{"@type":"Organization","name":"jablenka.cz","logo":{"@type":"ImageObject","@id":"\/logo.png","url":"\/logo.png","width":600,"height":60}},"image":{"@type":"ImageObject","@id":"https:\/\/www.jablenka.cz\/wp-content\/uploads\/velikonoce1.jpg","url":"https:\/\/www.jablenka.cz\/wp-content\/uploads\/velikonoce1.jpg","height":0,"width":0},"url":"https:\/\/www.jablenka.cz\/jsou-nase-zvyky-o-velikonocich-dokonale\/","about":["Kultura"],"wordCount":418,"articleBody":"Prakticky ka\u017ed\u00e1 zem\u011b si cen\u00ed sv\u00fdch unik\u00e1tn\u00edch zvyk\u016f a je na n\u011b py\u0161n\u00e1. \u010cesk\u00e1 republika zde nen\u00ed v\u00fdjimkou. A navzdory sou\u010dasn\u00e9 globalizaci si zachov\u00e1v\u00e1me n\u011bkter\u00e9 unik\u00e1tn\u00ed tradice, kter\u00e9 v\u00a0podstat\u011b nikde jinde nenajdeme. Zdaleka nejlep\u0161\u00edm p\u0159\u00edkladem jsou u n\u00e1s Velikonoce. \u017d\u00e1dn\u00e9 jin\u00e9 sv\u00e1tky nemaj\u00ed tak odli\u0161n\u00fd zp\u016fsob slaven\u00ed od jin\u00fdch zem\u00ed.\u00a0Zde se samoz\u0159ejm\u011b mluv\u00ed p\u0159edev\u0161\u00edm o pond\u011bln\u00edm koledov\u00e1n\u00ed, spojen\u00e9m se \u0161up\u00e1n\u00edm pamihodem \u010di poml\u00e1zkou. To se prov\u00e1d\u00ed proto, aby vitalita z\u00a0mlad\u00fdch vrbov\u00fdch proutk\u016f p\u0159e\u0161la do \u017eeny, a ta z\u016fstala mlad\u00e1 a zdrav\u00e1 po cel\u00fd dal\u0161\u00ed rok. Jedn\u00e1 se samoz\u0159ejm\u011b pouze o pov\u011bru, o n\u00ed\u017e v\u011bt\u0161ina lid\u00ed ji\u017e p\u0159\u00edli\u0161 nezn\u00e1. V\u00a0dne\u0161n\u00ed dob\u011b se obvykle \u0159\u00edk\u00e1, \u017ee se to prov\u00e1d\u00ed proto, aby \u017eena \u010di d\u00edvka \u201eneuschla\u201c. V\u00fdznam je v\u0161ak stejn\u00fd \u2013 udr\u017eet ml\u00e1d\u00ed a vit\u00e1lnost.\u00a0\u00a0Je v\u0161ak jasn\u00e9, pro\u010d v\u00a0jin\u00fdch zem\u00edch tento zvyk bud\u00ed kontroverze. Podle mnoh\u00fdch se jedn\u00e1 v\u00a0podstat\u011b o n\u00e1sil\u00ed na \u017een\u00e1ch. A a\u010dkoliv mnoho lid\u00ed, p\u0159edev\u0161\u00edm mu\u017e\u016f, tvrd\u00ed, \u017ee je to jen z\u00e1bava, a k\u00a0\u017e\u00e1dn\u00e9mu n\u00e1sil\u00ed nedoch\u00e1z\u00ed, za\u010d\u00edn\u00e1 se oz\u00fdvat i u n\u00e1s st\u00e1le v\u00edce hlas\u016f, p\u0159edev\u0161\u00edm z\u00a0\u017eensk\u00e9 \u010d\u00e1sti obyvatelstva, kter\u00e9 p\u0159izn\u00e1vaj\u00ed, \u017ee t\u00edmto zvykem nejsou p\u0159\u00edli\u0161 nad\u0161en\u00e9.\u00a0Pravdou toti\u017e je, \u017ee situace \u010dasto nen\u00ed ani zdaleka tak idylick\u00e1, jak by se mohlo zd\u00e1t. Ve v\u011bt\u0161\u00edch m\u011bstech se obvykle tento zvyk a\u017e tak nedodr\u017euje, s\u00a0v\u00fdjimkou nejbli\u017e\u0161\u00edch p\u0159\u00edbuzn\u00fdch, nebo\u0165 jen m\u00e1lokdo si je ochoten pustit ciz\u00ed lidi do domu, z\u00a0pochopiteln\u00fdch d\u016fvod\u016f.\u00a0\u00a0Na vesnici, kde se v\u0161ichni znaj\u00ed, je zase probl\u00e9m ten, \u017ee koledn\u00edci jsou \u010dasto opil\u00ed a mnohdy se nekontroluj\u00ed. V\u00fdsledkem je pak pro \u017eeny skute\u010dn\u011b bolestiv\u00fd v\u00fdprask, kter\u00fd zanech\u00e1v\u00e1 \u201ejelita\u201c. Nen\u00ed tedy divu, \u017ee jej nemaj\u00ed p\u0159\u00edli\u0161 \u0159\u00e1dy.\u00a0Je pak ot\u00e1zkou, zda skute\u010dn\u011b stoj\u00ed za to tento zvyk zachov\u00e1vat. Ukazuje se, \u017ee nen\u00ed a\u017e tak \u00fa\u017easn\u00fd, jak by se mohlo z\u00a0vypr\u00e1v\u011bn\u00ed zd\u00e1t. M\u011bli bychom se tedy zamyslet nad t\u00edm, zda v\u00a0n\u011bm pokra\u010dovat, nebo zda nen\u00ed lep\u0161\u00ed jej n\u011bjak\u00fdm zp\u016fsobem modifikovat.                                                                                                                                                                                                                                                                                                                                                                                        4\/5 - (6 votes)        "},{"@context":"https:\/\/schema.org\/","@type":"BreadcrumbList","itemListElement":[{"@type":"ListItem","position":1,"name":"Jsou na\u0161e zvyky o Velikonoc\u00edch dokonal\u00e9?","item":"https:\/\/www.jablenka.cz\/jsou-nase-zvyky-o-velikonocich-dokonale\/#breadcrumbitem"}]}]