[{"@context":"https:\/\/schema.org\/","@type":"Article","@id":"https:\/\/www.jablenka.cz\/jsou-to-nejcennejsi-co-mame\/#Article","mainEntityOfPage":"https:\/\/www.jablenka.cz\/jsou-to-nejcennejsi-co-mame\/","headline":"Jsou to nejcenn\u011bj\u0161\u00ed, co m\u00e1me","name":"Jsou to nejcenn\u011bj\u0161\u00ed, co m\u00e1me","description":"Kdy\u017e se kolem sebe rozhl\u00e9dnu, tak v\u00edd\u00e1m d\u011bti, kter\u00e9 v\u00a0rukou dr\u017e\u00ed drah\u00fd mobil, d\u00edvaj\u00ed se do n\u011bj a nevn\u00edmaj\u00ed okol\u00ed. [&hellip;]","datePublished":"2023-06-05","dateModified":"2023-06-05","author":{"@type":"Person","@id":"https:\/\/www.jablenka.cz\/author\/#Person","name":"","url":"https:\/\/www.jablenka.cz\/author\/","identifier":1,"image":{"@type":"ImageObject","@id":"https:\/\/secure.gravatar.com\/avatar\/c065076eb86551fdb70725c8063acf1b60a8edaed14ed654228c4cba13121c83?s=96&d=mm&r=g","url":"https:\/\/secure.gravatar.com\/avatar\/c065076eb86551fdb70725c8063acf1b60a8edaed14ed654228c4cba13121c83?s=96&d=mm&r=g","height":96,"width":96}},"publisher":{"@type":"Organization","name":"jablenka.cz","logo":{"@type":"ImageObject","@id":"\/logo.png","url":"\/logo.png","width":600,"height":60}},"image":{"@type":"ImageObject","@id":"https:\/\/www.jablenka.cz\/wp-content\/uploads\/img_a308547_w2186_t1519628564.jpg","url":"https:\/\/www.jablenka.cz\/wp-content\/uploads\/img_a308547_w2186_t1519628564.jpg","height":0,"width":0},"url":"https:\/\/www.jablenka.cz\/jsou-to-nejcennejsi-co-mame\/","wordCount":702,"articleBody":"\tKdy\u017e se kolem sebe rozhl\u00e9dnu, tak v\u00edd\u00e1m d\u011bti, kter\u00e9 v\u00a0rukou dr\u017e\u00ed drah\u00fd mobil, d\u00edvaj\u00ed se do n\u011bj a nevn\u00edmaj\u00ed okol\u00ed. Takhle to ale bohu\u017eel je i doma. Rodi\u010de jsou dlouho v\u00a0pr\u00e1ci, dom\u016f p\u0159ijdou unaven\u00ed a cht\u011bj\u00ed m\u00edt klid. Jak si ho zajist\u00ed? Koup\u00ed sv\u00e9mu d\u00edt\u011bti mobil, na kter\u00e9m je mo\u017en\u00e9 hr\u00e1t spoustu her \u010di tablet, aby je neotravovalo sv\u00fdmi ot\u00e1zkami a vypr\u00e1v\u011bn\u00edm, co samo za cel\u00fd den za\u017eilo.\t\tVzpom\u00edn\u00e1m na sv\u00e9 d\u011btstv\u00ed a m\u016f\u017eu v\u00e1m \u0159\u00edct, \u017ee jsem moc r\u00e1da za dobu, ve kter\u00e9 jsem vyrostla. \tChodili jsme ven, v\u00a0bl\u00edzkosti ka\u017ed\u00e9ho domu bylo h\u0159i\u0161t\u011b, kam na n\u00e1s ob\u010das z\u00a0balkonu mrkli rodi\u010de, jestli jsme v\u00a0po\u0159\u00e1dku, dom\u016f jsme si zab\u011bhli pro korunu na nanuka, pro \u0161est na kino a nosili jsme hodinky, abychom m\u011bli p\u0159ehled o tom, abychom neprome\u0161kali \u010das, kdy se m\u00e1me vr\u00e1tit dom\u016f.\tV\u00a0zim\u011b jsme chodili s\u00e1\u0148kovat (i ve m\u011bstech ta mo\u017enost byla, fakt), bruslit na stadion, a kdy\u017e n\u00e1m po\u010das\u00ed p\u0159ekazilo pl\u00e1ny, tak jsme se se\u0161li u n\u011bkoho doma a hr\u00e1li deskov\u00e9 hry. Ty m\u011bl ka\u017ed\u00fd.\tDoba se zm\u011bnila, a i kdy\u017e rodi\u010de tak\u00e9 chod\u00ed do pr\u00e1ce jako ti na\u0161i, maj\u00ed \u010dasto pracovn\u00ed dobu od nevid\u00edm do nevid\u00edm, nebo je\u0161t\u011b d\u00edky mal\u00e9mu v\u00fdd\u011blku si p\u0159ivyd\u011bl\u00e1vaj\u00ed. A to zp\u016fsobuje, \u017ee nemaj\u00ed \u010das na sv\u00e9 d\u011bti, nev\u011bd\u00ed, co d\u011blaj\u00ed, vlastn\u011b se d\u00e1 \u0159\u00edct, \u017ee jsou sami ochuzeni o rodinn\u00fd \u017eivot.\tTrp\u00ed t\u00edm jak d\u011bti, tak i rodi\u010de.\tM\u016f\u017ee se ale st\u00e1t, \u017ee do rodiny zas\u00e1hne nemoc. Ne, nem\u00e1m na mysli ch\u0159ipku, ang\u00ednu, \u010di n\u011bjakou alergii, ale t\u011b\u017ekou, nevyl\u00e9\u010ditelnou.\tV\u00a0tu chv\u00edli n\u00e1m nezb\u00fdv\u00e1, ne\u017e se zastavit a s\u00a0hr\u016fzou zjist\u00edme, \u017ee jsme se sami okradli o chv\u00edle str\u00e1ven\u00e9 se sv\u00fdm potomkem, se kter\u00fdm te\u010f \u0159e\u0161\u00edme jeho chorobu.\tNev\u00edme si s\u00a0n\u00ed rady, sna\u017e\u00edme se vybavit si spole\u010dn\u00e9 chv\u00edle a najednou si uv\u011bdom\u00edme, \u017ee \u010das, kter\u00fd jsme v\u011bnovali a\u0165 u\u017e kari\u00e9\u0159e, nebo p\u0159iv\u00fdd\u011blku, proto\u017ee jsme si mysleli, \u017ee d\u011bl\u00e1me to nejlep\u0161\u00ed pro d\u00edt\u011b, aby se nestyd\u011blo, \u017ee nem\u00e1 v\u011bci, jako d\u011bti ze z\u00e1mo\u017en\u011bj\u0161\u00edch rodin, jsme vlastn\u011b promarnili.\t\tK\u00a0\u010demu jsou drah\u00e9 dovolen\u00e9, posledn\u00ed zna\u010dkov\u00e1 m\u00f3da, nebo elektronick\u00e9 vymo\u017eenosti, kdy\u017e zdrav\u00ed a \u017eivot nedok\u00e1\u017eeme navr\u00e1tit. \tTeprve te\u010f si uv\u011bdom\u00edme, \u017ee \u017eivot d\u00edt\u011bte je mnohem d\u016fle\u017eit\u011bj\u0161\u00ed ne\u017e v\u0161echno, kv\u016fli \u010demu jsme se plaho\u010dili. \tPotomek m\u00edsto chvil s\u00a0n\u00e1mi tr\u00e1vil sv\u016fj \u010das s\u00a0kamar\u00e1dy p\u0159es po\u010d\u00edta\u010d, neza\u017eil b\u011bh\u00e1n\u00ed venku, odkud by se vracel s\u00a0u\u0161pin\u011bn\u00fdmi tepl\u00e1ky a teprve te\u010f, kdy\u017e s\u00a0v\u00fd\u010ditkami sed\u00edme na kraji jeho postele a sna\u017e\u00edme se tv\u00e1\u0159it state\u010dn\u011b a dod\u00e1v\u00e1me mu odvahu k\u00a0l\u00e9\u010db\u011b, dozv\u00edd\u00e1me se o jeho tu\u017eb\u00e1ch. Nap\u0159\u00edklad jsme p\u0159ekvapen\u00ed, \u017ee dlouho tou\u017e\u00ed po zv\u00ed\u0159\u00e1tku, \u017ee ho tr\u00e1p\u00ed l\u00e1ska, nebo \u017ee loni cht\u011bl jet pod stan a ne do Karibiku.\tV\u00a0t\u00e9hle chv\u00edli u\u017e v\u00edme, \u017ee jsme \u010das s\u00a0n\u00edm prop\u00e1sli. A nejde to u\u017e vr\u00e1tit. \tZastavme se. Na\u0161e d\u011bti n\u00e1s pot\u0159ebuj\u00ed. Vyslechn\u011bme, po \u010dem tou\u017e\u00ed. Nepodl\u00e9hejme \u0159e\u010dem, \u017ee je ostuda, kdy\u017e v\u00a0l\u00e9t\u011b nejedeme k\u00a0mo\u0159i a v\u00a0zim\u011b na hory, bu\u010fme s\u00a0d\u011btmi t\u0159eba pod stanem, ale skute\u010dn\u011b s\u00a0nimi. I duchem. Budou n\u00e1m vd\u011b\u010dn\u00ed a jejich l\u00e1ska je mnohem cenn\u011bj\u0161\u00ed ne\u017e ta nejdra\u017e\u0161\u00ed v\u011bc, po kter\u00e9 sami tou\u017e\u00edme.                                                                                                                                                                                                                                                                                                                                                                                        4.5\/5 - (13 votes)        "},{"@context":"https:\/\/schema.org\/","@type":"BreadcrumbList","itemListElement":[{"@type":"ListItem","position":1,"name":"Jsou to nejcenn\u011bj\u0161\u00ed, co m\u00e1me","item":"https:\/\/www.jablenka.cz\/jsou-to-nejcennejsi-co-mame\/#breadcrumbitem"}]}]