[{"@context":"https:\/\/schema.org\/","@type":"Article","@id":"https:\/\/www.jablenka.cz\/kam-vyrazit-na-vystavu\/#Article","mainEntityOfPage":"https:\/\/www.jablenka.cz\/kam-vyrazit-na-vystavu\/","headline":"Kam vyrazit na v\u00fdstavu?","name":"Kam vyrazit na v\u00fdstavu?","description":"Jednou z v\u00fdstav, na kterou si mohou zaj\u00edt nejen milovn\u00edci v\u00fdtvarn\u00e9ho um\u011bn\u00ed, ale l\u00edbit se bude ur\u010dit\u011b i rodin\u00e1m s [&hellip;]","datePublished":"2022-10-30","dateModified":"2023-06-05","author":{"@type":"Person","@id":"https:\/\/www.jablenka.cz\/author\/#Person","name":"","url":"https:\/\/www.jablenka.cz\/author\/","identifier":1,"image":{"@type":"ImageObject","@id":"https:\/\/secure.gravatar.com\/avatar\/c065076eb86551fdb70725c8063acf1b60a8edaed14ed654228c4cba13121c83?s=96&d=mm&r=g","url":"https:\/\/secure.gravatar.com\/avatar\/c065076eb86551fdb70725c8063acf1b60a8edaed14ed654228c4cba13121c83?s=96&d=mm&r=g","height":96,"width":96}},"publisher":{"@type":"Organization","name":"jablenka.cz","logo":{"@type":"ImageObject","@id":"\/logo.png","url":"\/logo.png","width":600,"height":60}},"image":{"@type":"ImageObject","@id":"https:\/\/www.jablenka.cz\/wp-content\/uploads\/praha2_2.jpg","url":"https:\/\/www.jablenka.cz\/wp-content\/uploads\/praha2_2.jpg","height":0,"width":0},"url":"https:\/\/www.jablenka.cz\/kam-vyrazit-na-vystavu\/","about":["Kultura"],"wordCount":413,"articleBody":"Jednou z v\u00fdstav, na kterou si mohou zaj\u00edt nejen milovn\u00edci v\u00fdtvarn\u00e9ho um\u011bn\u00ed, ale l\u00edbit se bude ur\u010dit\u011b i rodin\u00e1m s d\u011btmi, byla zah\u00e1jena na za\u010d\u00e1tku roku a trvat bude a\u017e do poloviny \u010dervence. P\u0159esto\u017ee sice Akademie v\u00fdtvarn\u00fdch um\u011bn\u00ed Alfonse Muchu ke studiu nep\u0159ijala, dok\u00e1zal ve sv\u00e9m \u017eivot\u011b, \u017ee talent se udusat ned\u00e1. Jeho tvorba je dodnes oce\u0148ov\u00e1na po cel\u00e9m sv\u011bt\u011b. V\u0161ichni, kte\u0159\u00ed m\u011bli mo\u017enost zhl\u00e9dnout jeho soubor obraz\u016f pod n\u00e1zvem Slovansk\u00e1 epopej, u\u017e nikdy nezapomenou nejen na talent, ale i vytrvalost tohoto um\u011blce. Kter\u00e9ho na jeho cest\u011b nejv\u00edce posunuly divadeln\u00ed plak\u00e1ty.\u00a0Obzvl\u00e1\u0161t\u011b pro pa\u0159\u00ed\u017eskou here\u010dku Sarah Bernhardt. Na kter\u00fdch\u00a0u\u017e byl jeho v\u00fdtvarn\u00fd rukopis dotvo\u0159en. Velk\u00e9 \u00fasp\u011bchy v t\u00e9 dob\u011b skl\u00edzel i v Americe. Po n\u00e1vratu do vlasti pracoval\u00a0nejen na n\u00e1vrz\u00edch prvorepublikov\u00fdch bankovek, ale i na vitr\u00e1\u017ei pro Svatov\u00edtskou katedr\u00e1lu. Podeps\u00e1n je i pod n\u00e1vrhy unik\u00e1tn\u00ed v\u00fdzdoby Obecn\u00edho domu.Andy Warhol je dal\u0161\u00edm v\u00fdtvarn\u00fdm um\u011blcem, na jeho\u017e v\u00fdstavu je radost vyrazit.\u00a0Tento symbol americk\u00e9ho um\u011bn\u00ed dvac\u00e1t\u00e9ho stolet\u00ed a ikona stylu pop art, m\u00e1 ko\u0159eny na Slovensku. Coby d\u00edt\u011b rus\u00ednsk\u00fdch rodi\u010d\u016f. Tato mimo\u0159\u00e1dn\u00e1 v\u00fdstava tohoto v\u00fdtvarn\u00e9ho\u00a0um\u011blce je rozd\u011blena do dvou \u010d\u00e1st\u00ed.V prvn\u00ed jsou vystaveny jeho pr\u00e1ce z grafick\u00e9 obdob\u00ed, kdy navrhoval obaly LP desek jak \u010cajkovsk\u00e9ho Labut\u00edho jezera, tak i slavn\u00fdch kapel, jako jsou Rolling Stones a dal\u0161\u00edch. Rovn\u011b\u017e jeho propaga\u010dn\u00ed fotografie k projekc\u00edm film\u016f\u00a0\u010di \u010dasopisu Inter Magazine. Ve druh\u00e9 \u010d\u00e1sti t\u00e9to v\u00fdstavy je p\u0159edstavena Andyho rodina. Nejen fotografie z d\u011btstv\u00ed, kter\u00e1 n\u00e1v\u0161t\u011bvn\u00edky sezn\u00e1m\u00ed i s jeho matkou Julii. Kter\u00e1 byla z\u00e1kladn\u00ed inspirac\u00ed pro jeho v\u00fdtvarn\u00fd \u017eivot. Dokonce jsou zde vystaveny i dopisy sest\u0159e Ev\u011b a kopie zachovan\u00fdch tiskovin od jeho bratr\u016f Paula a Johna. Mno\u017estv\u00ed fotografi\u00ed mapuje \u017eivot Andyho Warhola, mnoh\u00e9 dokumenty nechaj\u00ed nahl\u00e9dnout do jeho osobn\u00edho \u017eivota. Nechyb\u00ed ani ty nejdojemn\u011bj\u0161\u00ed. Z posledn\u00edho rozlou\u010den\u00ed s Andym Warholem. Nejen s rodinou. Ale se v\u0161emi, kte\u0159\u00ed m\u011bli tohoto skromn\u00e9ho a uzn\u00e1van\u00e9ho um\u011blce r\u00e1di.                                                                                                                                                                                                                                                                                                                                                                                        4.2\/5 - (12 votes)        "},{"@context":"https:\/\/schema.org\/","@type":"BreadcrumbList","itemListElement":[{"@type":"ListItem","position":1,"name":"Kam vyrazit na v\u00fdstavu?","item":"https:\/\/www.jablenka.cz\/kam-vyrazit-na-vystavu\/#breadcrumbitem"}]}]