[{"@context":"https:\/\/schema.org\/","@type":"Article","@id":"https:\/\/www.jablenka.cz\/s-karavanem-na-dovolenou\/#Article","mainEntityOfPage":"https:\/\/www.jablenka.cz\/s-karavanem-na-dovolenou\/","headline":"S karavanem na dovolenou","name":"S karavanem na dovolenou","description":"Taky kouk\u00e1te, kdy\u017e kolem v\u00e1s projede kr\u00e1sn\u00e9 obytn\u00e9 auto, nebo souprava osobn\u00edho automobilu a dlouh\u00e9ho obytn\u00e9ho p\u0159\u00edv\u011bsu. Cht\u011bli byste si [&hellip;]","datePublished":"2022-03-22","dateModified":"2023-06-05","author":{"@type":"Person","@id":"https:\/\/www.jablenka.cz\/author\/#Person","name":"","url":"https:\/\/www.jablenka.cz\/author\/","identifier":1,"image":{"@type":"ImageObject","@id":"https:\/\/secure.gravatar.com\/avatar\/c065076eb86551fdb70725c8063acf1b60a8edaed14ed654228c4cba13121c83?s=96&d=mm&r=g","url":"https:\/\/secure.gravatar.com\/avatar\/c065076eb86551fdb70725c8063acf1b60a8edaed14ed654228c4cba13121c83?s=96&d=mm&r=g","height":96,"width":96}},"publisher":{"@type":"Organization","name":"jablenka.cz","logo":{"@type":"ImageObject","@id":"\/logo.png","url":"\/logo.png","width":600,"height":60}},"image":{"@type":"ImageObject","@id":"https:\/\/www.jablenka.cz\/wp-content\/uploads\/pexels-julissa-helmuth-3726314_1.jpg","url":"https:\/\/www.jablenka.cz\/wp-content\/uploads\/pexels-julissa-helmuth-3726314_1.jpg","height":0,"width":0},"url":"https:\/\/www.jablenka.cz\/s-karavanem-na-dovolenou\/","about":["Auto moto"],"wordCount":477,"articleBody":"Taky kouk\u00e1te, kdy\u017e kolem v\u00e1s projede kr\u00e1sn\u00e9 obytn\u00e9 auto, nebo souprava osobn\u00edho automobilu a dlouh\u00e9ho obytn\u00e9ho p\u0159\u00edv\u011bsu. Cht\u011bli byste si to tak\u00e9 n\u011bkdy vyzkou\u0161et? Sednout do takov\u00e9ho auta, vyrazit a jet a\u017e tam, kde se v\u00e1m bude l\u00edbit. Ut\u00e1bo\u0159it se, vyt\u00e1hnout stanovou p\u0159eds\u00ed\u0148ku, otev\u0159\u00edt si vychlazen\u00e9 b\u00edl\u00e9 v\u00edno a jen tak si u\u017e\u00edvat voln\u00e9ho \u010dasu? Nen\u00ed d\u016fvod si sv\u016fj sen nesplnit.Po cel\u00e9 republice existuje \u0159ada p\u016fj\u010doven, kde v\u00e1m obytn\u00fd automobil, \u010di p\u0159\u00edv\u011bs r\u00e1di zap\u016fj\u010d\u00ed. M\u016f\u017eete si dokonce vybrat. Podle kapacity osob, kter\u00e9 v\u00a0n\u011bm mohou p\u0159esp\u00e1vat, podle komfortu, kter\u00e9 nab\u00edz\u00ed. U obytn\u00fdch p\u0159\u00edv\u011bs\u016f zase i podle mo\u017enosti va\u0161eho vozu. Za malou \u0160kodou Fabi\u00ed asi nebudete cht\u00edt t\u00e1hnout osmimetrov\u00fd p\u0159\u00edv\u011bs. K\u00a0automobilu se p\u0159i\u0159azuje obytn\u00fd p\u0159\u00edv\u011bs podle hmotnosti. Povolenou maxim\u00e1ln\u00ed hmotnost p\u0159\u00edpojn\u00e9ho vozidla naleznete uvedenu ve\u00a0velk\u00e9m technick\u00e9m pr\u016fkazu.Pokud si chcete p\u016fj\u010dit p\u0159\u00edv\u011bs, zva\u017ete jeho velikost i s\u00a0ohledem na obsah, respektive v\u00fdkon va\u0161eho vozidla. Kdy\u017e budete zdol\u00e1vat prudk\u00e9 stoup\u00e1n\u00ed, dostane slab\u00e9 auto p\u0159i ta\u017een\u00ed p\u0159\u00edv\u011bsu docela zabrat, nehled\u011b na to, \u017ee va\u0161e pomal\u00e1 j\u00edzda bude provokovat za v\u00e1mi jedouc\u00ed \u0159idi\u010de, k\u00a0riskantn\u011bj\u0161\u00edmu p\u0159edj\u00ed\u017ed\u011bn\u00ed.Kdy\u017e u\u017e si p\u0159\u00edv\u011bs, nebo obytn\u00fd v\u016fz zap\u016fj\u010d\u00edte, ned\u011blejte to tak, \u017ee si ho r\u00e1no p\u016fj\u010d\u00edte, pak hekticky v\u0161e nabal\u00edte a ve\u010der, naostro vyraz\u00edte na dovolenou. Zkuste si v\u016fz p\u016fj\u010dit, alespo\u0148 den p\u0159edem. Seznamte se s\u00a0n\u00edm, zjist\u011bte si, kde se co zap\u00edn\u00e1, a jak v\u0161echno v\u00a0karavanu funguje. Ur\u010dit\u011b se vyplat\u00ed si nacvi\u010dit i rozkl\u00e1d\u00e1n\u00ed postel\u00ed, tankov\u00e1n\u00ed vody, p\u0159ipojen\u00ed k\u00a0elektrick\u00e9 s\u00edti a zap\u00edn\u00e1n\u00ed plynov\u00e9ho veden\u00ed. Nezapome\u0148te si tak\u00e9 nacvi\u010dit man\u00e9vrov\u00e1n\u00ed se soupravou, \u010di s\u00a0velk\u00fdm obytn\u00fdm vozem. Zjist\u00edte, \u017ee na v\u0161echno pot\u0159ebujete daleko v\u00edce m\u00edsta. \u017de za soupravu m\u00e1te docela mizern\u00fd v\u00fdhled a couv\u00e1n\u00ed s\u00a0p\u0159\u00edv\u011bsem je hlavn\u011b zpo\u010d\u00e1tku o nervy. Ta potvora vybo\u010duje \u00fapln\u011b proti ot\u00e1\u010den\u00ed volantem!\u00a0V\u0161echny tyto operace v\u00e1m u\u0161et\u0159\u00ed mnoho nerv\u016f o dovolen\u00e9.\u00a0I kdy\u017e v\u00e1m p\u016fj\u010dovna zap\u016fj\u010d\u00ed v\u016fz s\u00a0plnou plynovou bombou (plyn pot\u0159ebujete na topen\u00ed, va\u0159en\u00ed) je dobr\u00e9 si ji zkontrolovat, p\u0159\u00edpadn\u011b si po\u0159\u00eddit plynovou lahev n\u00e1hradn\u00ed. Je p\u0159ece \u0161koda pl\u00fdtvat \u010dasem dovolen\u00e9 na sh\u00e1n\u011bn\u00ed plynu.                                                                                                                                                                                                                                                                                                                                                                                        3.9\/5 - (12 votes)        "},{"@context":"https:\/\/schema.org\/","@type":"BreadcrumbList","itemListElement":[{"@type":"ListItem","position":1,"name":"S karavanem na dovolenou","item":"https:\/\/www.jablenka.cz\/s-karavanem-na-dovolenou\/#breadcrumbitem"}]}]