[{"@context":"https:\/\/schema.org\/","@type":"Article","@id":"https:\/\/www.jablenka.cz\/to-neni-jen-dreveny-podklad\/#Article","mainEntityOfPage":"https:\/\/www.jablenka.cz\/to-neni-jen-dreveny-podklad\/","headline":"To nen\u00ed jen d\u0159ev\u011bn\u00fd podklad","name":"To nen\u00ed jen d\u0159ev\u011bn\u00fd podklad","description":"Euro paleta je sice podklad pro zbo\u017e\u00ed nebo p\u0159ev\u00e1\u017een\u00fd materi\u00e1l, ale jej\u00ed v\u00fdroba se nikdy nesm\u00ed ani o\u0161idit, nato\u017e n\u011bjak [&hellip;]","datePublished":"2020-04-13","dateModified":"2023-09-02","author":{"@type":"Person","@id":"https:\/\/www.jablenka.cz\/author\/#Person","name":"","url":"https:\/\/www.jablenka.cz\/author\/","identifier":1,"image":{"@type":"ImageObject","@id":"https:\/\/secure.gravatar.com\/avatar\/c065076eb86551fdb70725c8063acf1b60a8edaed14ed654228c4cba13121c83?s=96&d=mm&r=g","url":"https:\/\/secure.gravatar.com\/avatar\/c065076eb86551fdb70725c8063acf1b60a8edaed14ed654228c4cba13121c83?s=96&d=mm&r=g","height":96,"width":96}},"publisher":{"@type":"Organization","name":"jablenka.cz","logo":{"@type":"ImageObject","@id":"\/logo.png","url":"\/logo.png","width":600,"height":60}},"image":{"@type":"ImageObject","@id":"https:\/\/www.jablenka.cz\/wp-content\/uploads\/europalety.png","url":"https:\/\/www.jablenka.cz\/wp-content\/uploads\/europalety.png","height":0,"width":0},"url":"https:\/\/www.jablenka.cz\/to-neni-jen-dreveny-podklad\/","about":["Nakupov\u00e1n\u00ed"],"wordCount":475,"articleBody":"      Euro paleta je sice podklad pro zbo\u017e\u00ed nebo p\u0159ev\u00e1\u017een\u00fd materi\u00e1l, ale jej\u00ed v\u00fdroba se nikdy nesm\u00ed ani o\u0161idit, nato\u017e n\u011bjak zanedbat. V ka\u017ed\u00e9m p\u0159\u00edpad\u011b m\u00e1 sv\u00e9 uplatn\u011bn\u00ed v mezin\u00e1rodn\u00ed doprav\u011b, kde se tyto prvky nevracej\u00ed zp\u011bt dopravci nebo v\u00fdrobci, ale jaksi se sm\u011b\u0148uj\u00ed, tud\u00ed\u017e je nutn\u00e9, aby jejich v\u00fdroba byla na profesion\u00e1ln\u00ed \u00farovni. P\u0159edn\u011b mus\u00ed odpov\u00eddat mezin\u00e1rodn\u00edm norm\u00e1m a v\u00fdrobce mus\u00ed bezpodm\u00edne\u010dn\u011b m\u00edt certifik\u00e1t k jejich v\u00fdrob\u011b. Nejedn\u00e1 se jen o stlu\u010den\u00ed p\u00e1r prk\u00fdnek, ale p\u0159edev\u0161\u00edm o cel\u00fd komplex v\u00fdroby, kdy kone\u010dnou f\u00e1z\u00ed bude vyp\u00e1len\u00ed ozna\u010den\u00ed a to i s \u010d\u00edslem v\u00fdrobny. Jak se na prvn\u00ed pohled zd\u00e1, tak v\u00fdrobce mus\u00ed odv\u00e9st skute\u010dn\u011b kvalitn\u00ed pr\u00e1ci, aby nep\u0159i\u0161el o svoji licenci.Norma pro paletuPokud bychom se zam\u011b\u0159ili na v\u00fdrobn\u00ed proces, tak euro paleta je sice roz\u0161\u00ed\u0159en\u00e1 po cel\u00e9m sv\u011bt\u011b, ale tak\u00e9 jej\u00ed v\u00fdroba je celkem n\u00e1ro\u010dn\u00e1. Je t\u0159eba m\u00edt p\u0159esn\u00e9 rozm\u011bry a to v\u010detn\u011b plochy. Pot\u00e9 nen\u00ed t\u0159eba rozum\u011bt ciz\u00edmu jazyku, ka\u017ed\u00fd v\u00ed, kolik se takov\u00fdch palet vejde do n\u00e1kladn\u00edho vozu. To ov\u0161em nen\u00ed v\u0161e. Je zapot\u0159eb\u00ed kvalitn\u00edch h\u0159eb\u00edk\u016f a to v p\u0159esn\u00e9m po\u010dtu a tak\u00e9 maj\u00ed vyhrazen\u00e1 p\u0159esn\u00e1 m\u00edsta, kam se um\u00edst\u00ed. V podstat\u011b na takovou v\u00fdrobu je nutno dodr\u017eet postup podle technick\u00e9 dokumentace. Hotov\u00fd produkt je pot\u00e9 \u0159\u00e1dn\u011b ozna\u010den \u010d\u00edslem v\u00fdrobce a pot\u00e9 je jasn\u00e9, \u017ee parametry budou odpov\u00eddat p\u0159edpis\u016fm Mezin\u00e1rodn\u00ed \u017eelezni\u010dn\u00ed unie a i p\u0159edpis\u016fm EPAL.Jen se spr\u00e1vn\u011b ozna\u010denou paletou do sv\u011btaV prvn\u00ed \u0159ad\u011b se jedn\u00e1 o \u010dty\u0159strann\u00fd d\u0159ev\u011bn\u00fd podklad pod zbo\u017e\u00ed. D\u00edky tomu se ov\u0161em s n\u00e1kladem, kde bude tato paleta, d\u00e1 velmi jednodu\u0161e manipulovat a ze v\u0161ech stran. Vysokozdvi\u017en\u00fd voz\u00edk pot\u00e9 nem\u00e1 probl\u00e9my vyzvednout cel\u00fd n\u00e1klad do po\u017eadovan\u00e9 v\u00fd\u0161ky. Paleta mus\u00ed m\u00edt ozna\u010den\u00ed EPAL v ov\u00e1lu na lev\u00e9m \u0161pal\u00edku del\u0161\u00ed strany a na prav\u00e9m konci EUR. Nesm\u00ed chyb\u011bt ozna\u010den\u00ed v\u00fdrobce, kontroln\u00ed skobi\u010dka a tak\u00e9 ozna\u010den\u00ed dr\u00e1hy. Pokud byla paleta opraven\u00e1, co\u017e nen\u00ed probl\u00e9m pro v\u00fdrobce, tak je t\u0159eba, aby m\u011bla i tento \u00fakon zaznamenan\u00fd. To se prov\u00e1d\u00ed za \u00fa\u010dasti kulat\u00e9ho h\u0159ebu, kter\u00fd m\u00e1 vyhrazenou rezervaci na palet\u011b a to na st\u0159edn\u00edm \u0161palku. Op\u011bt ho nalezneme na obou del\u0161\u00edch stran\u00e1ch. S takovou euro paletou zajist\u00e9 nebudou nikde probl\u00e9my.                                                                                                                                                                                                                                                                                                                                                                                           4\/5 - (9 votes)        "},{"@context":"https:\/\/schema.org\/","@type":"BreadcrumbList","itemListElement":[{"@type":"ListItem","position":1,"name":"To nen\u00ed jen d\u0159ev\u011bn\u00fd podklad","item":"https:\/\/www.jablenka.cz\/to-neni-jen-dreveny-podklad\/#breadcrumbitem"}]}]